{"id":2713,"date":"2023-10-09T11:26:44","date_gmt":"2023-10-09T09:26:44","guid":{"rendered":"https:\/\/www.optometry-friends.com\/?p=2713"},"modified":"2023-10-09T11:27:29","modified_gmt":"2023-10-09T09:27:29","slug":"oct-screening-beim-augenoptiker-e-learning-2","status":"publish","type":"post","link":"https:\/\/www.optometry-friends.com\/de\/2023\/10\/09\/oct-screening-beim-augenoptiker-e-learning-2\/","title":{"rendered":"Das Alumni-Weiterbildungsseminar 2023"},"content":{"rendered":"\n<p><strong>Spannende Vortr\u00e4ge auf dem Alumni-Weiterbildungsseminar der Aalen Friends of Optometry e.V.<\/strong><\/p>\n\n\n\n<p><strong>Am vorletzten Septemberwochenende fand im Aula- und H\u00f6rsaalgeb\u00e4ude der Hochschule Aalen das j\u00e4hrliche Alumni-Meeting der Aalen Friends of Optometry e.V. statt. Aufgrund der Unwetterkatastrophe, bei der Hagel schwere Sch\u00e4den an der Klosteranlage in Benediktbeuern verursacht hat, musste die Veranstaltung in diesem Jahr kurzfristig an die Hochschule Aalen verlegt werden. Das mit 6 COE- (Continuing Optometric Education)-Punkten dotierte Weiterbildungswochenende war vollgepackt mit spannenden Vortr\u00e4gen und Diskussionen, die von zum Teil extra f\u00fcr die Veranstaltung unter anderem aus den USA angereisten hochkar\u00e4tigen Experten auf dem Gebiet der Optometrie pr\u00e4sentiert wurden.<\/strong><\/p>\n\n\n\n<p><strong>Aalen.<\/strong>&nbsp;Nach der die Zuh\u00f6rer begeisternden Er\u00f6ffnung der mit knapp 100 Teilnehmer:innen sehr gut besuchten Alumni-Weiterbildungsveranstaltung durch den Vorsitzenden des Aalener Alumni-Vereins, Georg Scheuerer, begann am Samstag die &#8222;Gro\u00dfe Runde Kontaktlinsen&#8220; mit den Expert:innen und Absolvent:innen des berufsbegleitenden Aalener Masterstudiengangs: Christiane Schaucher, Bernhard Neuberger, Annette Pfund und Hendrik Edelthalhammer. In dieser Er\u00f6ffnungssession wurden jeweils innerhalb von 15 Minuten interessante Kontaktlinsenf\u00e4lle pr\u00e4sentiert und diskutiert. Darauf folgte dann gleich der Vortrag von Prof. Graham Erickson von der US-amerikanischen Pacific University in Forest Grove, Oregon, zum aktuellen Stand des &#8222;Managements von erworbenem Strabismus&#8220;. Nach der Mittagspause vermittelte sein Kollege Prof. Scott Cooper alle relevanten Updates zu den Themen &#8222;Lateralit\u00e4t und Richtungswahrnehmung&#8220; sowie &#8222;Wahrnehmungsverz\u00f6gerungen und Lesen&#8220; in sehr kompakter und gut nachvollziehbarer Weise. Ein weiteres begeisterndes Highlight gab es dann auch noch zum Abschluss des ersten Weiterbildungstages: Erstmalig pr\u00e4sentierten und diskutierten live vor Ort im Alumni-Event des berufsbegleitenden Masterstudiengangs Prof. Lorne Yudcovitch (ebenfalls von der US-amerikanischen Pacific University) und seine Frau, die Inhaberin der optometrischen Praxis &#8222;Eye To Eye Clinic Wilsonville&#8220;, Rosiland Hursh, OD, interaktiv mit den Teilnehmer:innen &#8222;Spannende F\u00e4lle aus der t\u00e4glichen Praxis zum Sehnerv und im Bereich der Sehfelder&#8220;. Die Fallpr\u00e4sentationen waren \u00e4u\u00dferst aufschlussreich und lehrreich. Prof. Lorne Yudcovitch hatte bereits zu Zeiten der Corona-Pandemie online einen Vortrag gehalten, daher war es f\u00fcr die Beteiligten spannend, ihn und seine Frau dieses Mal pers\u00f6nlich als mitrei\u00dfende und \u00e4u\u00dferst kompetente Referent:innen zu erleben.<\/p>\n\n\n\n<p>Am Sonntag \u00fcbernahm, wie auch in den vergangenen Jahren, in bew\u00e4hrter Weise der erste stellvertretende Vorsitzende des Alumni-Vereins, Oliver Buck, die Begr\u00fc\u00dfung und gekonnte Moderation des Tages. Vormittags pr\u00e4sentierten die beiden extra f\u00fcr die Tagung aus Israel angereisten Kontaktlinsenspezialistinnen Jenya Davelman und Arige Gideon Abou Said aktuelle Erkenntnisse zur &#8222;Rehabilitation der Augenoberfl\u00e4che&#8220; sowie \u201eStudienergebnisse zur pr\u00e4- und postoperativen Nachverfolgung der epiretinalen Membran&#8220;. Nach der Mittagspause referierte Dr. med. Jochen Wittibschl\u00e4ger, \u00e4rztlicher Standortleiter des Augenzentrums Dr. Berret in Buchen (Baden-W\u00fcrttemberg), ein immer gern gesehener Dozent bei den Laborveranstaltungen des berufsbegleitenden Masterstudiengang an der Hochschule Aalen, &nbsp;\u00fcber &#8222;Glaukom&#8220;. Im Anschluss daran begeisterte der ECOO-Pr\u00e4sident und Aalener Absolvent, Dr. Matja\u017e Mihel\u010di\u010d aus Slowenien, die Zuh\u00f6rer zum Thema &#8222;Anteriore isch\u00e4mische Optikusneuropathie&#8220;. Einen tollen Abschluss des mit kompaktem Wissen gef\u00fcllten Weiterbildungswochenendes gab es dann noch mit der &#8222;Gro\u00dfen Runde Augenkrankheiten&#8220;, also spannenden Fallpr\u00e4sentationen der Masterabsolventen Tom K\u00f6llmer, Damjan \u017duni\u0107 sowie der US-Amerikaner:in Rosiland Hursh, OD, und Prof. Lorne Yudcovitch.<\/p>\n\n\n\n<hr class=\"wp-block-separator has-alpha-channel-opacity\"\/>\n\n\n\n<p>&#8222;Insgesamt war das Alumni Meeting eine \u00e4u\u00dferst bereichernde Erfahrung. Die hochqualifizierten Vortr\u00e4ge und Diskussionen haben mein Verst\u00e4ndnis f\u00fcr die Optometrie vertieft und mir wertvolle Einblicke in die neuesten Entwicklungen auf diesem Gebiet gegeben&#8220;, res\u00fcmierte beispielsweise Jonathan Riecker, der gerade von seinem Studiensemester &#8222;Internationale Optometrie&#8220; an der Queensland University of Technology (QUT) in Brisbane, Australien, zur\u00fcckgekehrt war und die Gelegenheit ergriff, am Alumni-Event des Aalener Masterstudiengangs M.Sc. Vision Science and Business (Optometry) teilzunehmen.<\/p>\n","protected":false},"excerpt":{"rendered":"<p>Spannende Vortr\u00e4ge auf dem Alumni-Weiterbildungsseminar der Aalen Friends of Optometry e.V. Am vorletzten Septemberwochenende fand im Aula- und H\u00f6rsaalgeb\u00e4ude der Hochschule Aalen das j\u00e4hrliche Alumni-Meeting der Aalen Friends of Optometry e.V. statt. Aufgrund der Unwetterkatastrophe, bei der Hagel schwere Sch\u00e4den an der Klosteranlage in Benediktbeuern verursacht hat, musste die Veranstaltung in diesem Jahr kurzfristig an die Hochschule Aalen verlegt werden. &#8230; <\/p>\n<div><a href=\"https:\/\/www.optometry-friends.com\/de\/2023\/10\/09\/oct-screening-beim-augenoptiker-e-learning-2\/\" class=\"more-link\">Read More<\/a><\/div>\n","protected":false},"author":80,"featured_media":2716,"comment_status":"closed","ping_status":"open","sticky":false,"template":"","format":"standard","meta":{"_bbp_topic_count":0,"_bbp_reply_count":0,"_bbp_total_topic_count":0,"_bbp_total_reply_count":0,"_bbp_voice_count":0,"_bbp_anonymous_reply_count":0,"_bbp_topic_count_hidden":0,"_bbp_reply_count_hidden":0,"_bbp_forum_subforum_count":0,"footnotes":""},"categories":[5],"tags":[11],"class_list":["post-2713","post","type-post","status-publish","format-standard","has-post-thumbnail","hentry","category-unkategorisiert","tag-optometrie"],"_links":{"self":[{"href":"https:\/\/www.optometry-friends.com\/de\/wp-json\/wp\/v2\/posts\/2713","targetHints":{"allow":["GET"]}}],"collection":[{"href":"https:\/\/www.optometry-friends.com\/de\/wp-json\/wp\/v2\/posts"}],"about":[{"href":"https:\/\/www.optometry-friends.com\/de\/wp-json\/wp\/v2\/types\/post"}],"author":[{"embeddable":true,"href":"https:\/\/www.optometry-friends.com\/de\/wp-json\/wp\/v2\/users\/80"}],"replies":[{"embeddable":true,"href":"https:\/\/www.optometry-friends.com\/de\/wp-json\/wp\/v2\/comments?post=2713"}],"version-history":[{"count":2,"href":"https:\/\/www.optometry-friends.com\/de\/wp-json\/wp\/v2\/posts\/2713\/revisions"}],"predecessor-version":[{"id":2727,"href":"https:\/\/www.optometry-friends.com\/de\/wp-json\/wp\/v2\/posts\/2713\/revisions\/2727"}],"wp:featuredmedia":[{"embeddable":true,"href":"https:\/\/www.optometry-friends.com\/de\/wp-json\/wp\/v2\/media\/2716"}],"wp:attachment":[{"href":"https:\/\/www.optometry-friends.com\/de\/wp-json\/wp\/v2\/media?parent=2713"}],"wp:term":[{"taxonomy":"category","embeddable":true,"href":"https:\/\/www.optometry-friends.com\/de\/wp-json\/wp\/v2\/categories?post=2713"},{"taxonomy":"post_tag","embeddable":true,"href":"https:\/\/www.optometry-friends.com\/de\/wp-json\/wp\/v2\/tags?post=2713"}],"curies":[{"name":"wp","href":"https:\/\/api.w.org\/{rel}","templated":true}]}}