{"id":2371,"date":"2022-11-16T18:44:11","date_gmt":"2022-11-16T17:44:11","guid":{"rendered":"https:\/\/www.optometry-friends.com\/?p=2371"},"modified":"2022-12-06T16:24:40","modified_gmt":"2022-12-06T15:24:40","slug":"der-vorlesungsplan-fuer-das-akademische-jahr-2023-2024-ist-veroeffentlicht-2","status":"publish","type":"post","link":"https:\/\/www.optometry-friends.com\/de\/2022\/11\/16\/der-vorlesungsplan-fuer-das-akademische-jahr-2023-2024-ist-veroeffentlicht-2\/","title":{"rendered":"15. Karl Amon Optometry Award verliehen"},"content":{"rendered":"\n<p><\/p>\n\n\n\n<h3 class=\"wp-block-heading\">Preisverleihung am Freitag im Rahmen des Symposiums zur Zukunft der Augenoptik\/Optometrie<\/h3>\n\n\n\n<p>Zum 15. Mal in Folge wurde an der Hochschule Aalen der mit 2.000 \u20ac dotierte Karl Amon Optometry Award verliehen. In diesem Jahr geht dieser begehrte Preis an Jessica Gruhl und Maximilian Aricochi. Die beiden Jahrgangsbesten 2022 des berufsbegleitenden Masterstudiengangs Vision Science and Business (Optometry) erhielten die Auszeichnung f\u00fcr herausragende wissenschaftliche Arbeiten mit hohem praktischem Nutzen f\u00fcr die Augenoptik-Branche im Rahmen der Jubil\u00e4umsveranstaltung: 40 Jahre Diplom- bzw. Bachelorstudiengang Augenoptik\/Optometrie und 20 Jahre Masterstudiengang Vision Science and Business (Optometry) und des Symposiums zur Zukunft der Augenoptik\/Optometrie am Freitag, den 11. November 2022.<\/p>\n\n\n\n<hr class=\"wp-block-separator has-alpha-channel-opacity\"\/>\n\n\n\n<p><strong>Erstes deutschsprachiges Myopie-Management-Handbuch<\/strong><\/p>\n\n\n\n<p>Zu langes und zu nahes Lesen insbesondere auch am Handy und PC und zu wenig Aufenthalt im Freien f\u00fchren insbesondere auch bei Kindern zu stark steigenden Fallzahlen der Myopie-Erkrankung auch in Deutschland. So kristallisierten sich f\u00fcr Maximilian Aricochi bei der Analyse der aktuellen Situation im deutschsprachigen Myopie-Management-Markt zwei Problemstellungen heraus, welche in seiner Masterthesis gel\u00f6st werden. Bei der ersten handelt es sich um die Tatsache, dass z. B. durch das stark steigende Interesse an Myopie-Management viele praktizierenden Augenspezialisten vor demselben Problem stehen. Bis dato gibt es keine Lekt\u00fcre in deutscher Sprache, welche s\u00e4mtliche Facetten der Myopie-Pr\u00e4vention abdeckt. Bei der zweiten Herausforderung geht es darum, dass noch zu viele kurzsichtige Kinder mit Einst\u00e4rken-Brillengl\u00e4sern versorgt werden, obwohl speziell in der englischsprachigen Literatur belegt ist, dass diese Art der Versorgung keinen hemmenden Einfluss auf das Fortschreiten der Myopie hat.<\/p>\n\n\n\n<p>F\u00fcr diese beiden Problemstellungen wurde von Maximilian Aricochi eine breit gef\u00e4cherte Literaturarbeit durchgef\u00fchrt. Die Ergebnisse werden in dem von ihm verfassten \u00fcber 200-seitigen Handbuch in systematischer Reihenfolge dargestellt, sodass dem Leser die Umsetzung der theoretischen Kenntnisse in die Praxis erleichtert wird. \u201eEs gibt nichts Sch\u00f6neres als eine erfolgreiche Versorgung mit myopie-hemmenden Ma\u00dfnahmen durchzuf\u00fchren und zu wissen, etwas Positives f\u00fcr die Zukunft des Kindes beitragen zu k\u00f6nnen. Dieses Gef\u00fchl der Zufriedenheit m\u00f6chte ich mit dieser Arbeit an so vielen Berufskollegen:innen wie m\u00f6glich weitergeben\u201d, so Aricochi. Dieses Handbuch ist bei der Firma Visus Sehteste erschienen. Von der Praxisseite her wurde diese Arbeit von Pascal Blaser aus der Schweiz betreut.<\/p>\n\n\n\n<hr class=\"wp-block-separator has-alpha-channel-opacity\"\/>\n\n\n\n<h3 class=\"wp-block-heading\">Untersuchung von Wirkungszonengr\u00f6\u00dfen nach Anpassung von Ortho-K-Kontaktlinsen<\/h3>\n\n\n\n<p>Jessica Gruhl besch\u00e4ftigte sich in ihrer Masterthesis mit der Frage, welche Faktoren Einfluss auf die Oberfl\u00e4chenform der Hornhaut, also die topographische Wirkungszone nach der Anpassung von Ortho-K-Kontaktlinsen nehmen. Durch kleinere Wirkungszonen kann die Effektivit\u00e4t der Orthokeratologie bei der Hemmung des Augenl\u00e4ngenwachstums myoper Kinder nachweislich gesteigert werden. Kleinere Wirkungszonen k\u00f6nnen aber auch die Sehqualit\u00e4t durch Herabsetzen der Kontrastsensitivit\u00e4t negativ beeinflussen. Die w\u00fcnschenswerte Gr\u00f6\u00dfe der Wirkungszone richtet sich also nach der Indikation f\u00fcr die Anpassung. Aus Studien ist bisher bekannt, dass die Gr\u00f6\u00dfe der Wirkungszone durch Ver\u00e4nderung des zentralen Innenoptikzonen-Durchmessers der Orthokeratologie-Kontaktlinse vergr\u00f6\u00dfert oder verkleinert werden kann.<\/p>\n\n\n\n<p>Wenig wei\u00df man \u00fcber den Einfluss der individuellen Ausgangsparameter des Auges auf die resultierende Gr\u00f6\u00dfe der Wirkungszone. Im Rahmen ihrer Masterthesis untersuchte Jessica Gruhl daher den Einfluss der Ausgangsrefraktion sowie der Hornhauttopographiedaten auf die resultierende Gr\u00f6\u00dfe und Form der Wirkungszone. Basierend auf den Ausgangsparametern des Auges und den Daten der verwendeten Kontaktlinse lie\u00dfen sich Berechnungsmodelle zur Vorhersage der resultierenden Wirkungszonengr\u00f6\u00dfe erstellen. \u201eDie Arbeit leistet einen wichtigen Beitrag zum besseren Verst\u00e4ndnis des Topografieprofils nach Orthokeratologie und liefert eine Orientierung f\u00fcr weitere Untersuchungen mit dem Ziel der Vorhersage der Wirkungszonengr\u00f6\u00dfe\u201c, so die Autorin. Initiiert wurde die Thesis von Frank Widmer von der Hecht Contactlinsen GmbH. Als Mitbetreuer stand Dr. Stefan Bandlitz von der H\u00f6heren Fachschule f\u00fcr Augenoptik K\u00f6ln Frau Gruhl mit Rat und Tat auch f\u00fcr die sehr statistik-intensiven Auswertungen Jessica Gruhl mit Rat und Tat zur Seite.<\/p>\n\n\n\n<hr class=\"wp-block-separator has-alpha-channel-opacity\"\/>\n\n\n\n<p><a rel=\"noreferrer noopener\" href=\"https:\/\/drive.google.com\/drive\/folders\/1k_fBHLiU0u55aWGE-c6yXA4lB_8hqwS3?usp=share_link\" target=\"_blank\"><strong>Hier<\/strong><\/a><strong>\u00a0finden Sie alle Fotos vom Symposium &#8222;Zukunft der Augenoptik\/Optometrie&#8220;.<\/strong><\/p>\n\n\n\n<hr class=\"wp-block-separator has-alpha-channel-opacity\"\/>\n\n\n\n<p><strong>Bewerben Sie sich ganz einfach <a href=\"https:\/\/www.hs-aalen.de\/en\/courses\/50\/apply\">hier<\/a><\/strong> <strong>f\u00fcr den Masterstudiengang &#8222;Vision Science and Business (Optometry)&#8220; an der Hochschule Aalen!<\/strong><\/p>\n","protected":false},"excerpt":{"rendered":"<p>Preisverleihung am Freitag im Rahmen des Symposiums zur Zukunft der Augenoptik\/Optometrie Zum 15. Mal in Folge wurde an der Hochschule Aalen der mit 2.000 \u20ac dotierte Karl Amon Optometry Award verliehen. In diesem Jahr geht dieser begehrte Preis an Jessica Gruhl und Maximilian Aricochi. Die beiden Jahrgangsbesten 2022 des berufsbegleitenden Masterstudiengangs Vision Science and Business (Optometry) erhielten die Auszeichnung f\u00fcr &#8230; <\/p>\n<div><a href=\"https:\/\/www.optometry-friends.com\/de\/2022\/11\/16\/der-vorlesungsplan-fuer-das-akademische-jahr-2023-2024-ist-veroeffentlicht-2\/\" class=\"more-link\">Read More<\/a><\/div>\n","protected":false},"author":85,"featured_media":2373,"comment_status":"closed","ping_status":"open","sticky":false,"template":"","format":"standard","meta":{"_bbp_topic_count":0,"_bbp_reply_count":0,"_bbp_total_topic_count":0,"_bbp_total_reply_count":0,"_bbp_voice_count":0,"_bbp_anonymous_reply_count":0,"_bbp_topic_count_hidden":0,"_bbp_reply_count_hidden":0,"_bbp_forum_subforum_count":0,"footnotes":""},"categories":[5],"tags":[11],"class_list":["post-2371","post","type-post","status-publish","format-standard","has-post-thumbnail","hentry","category-unkategorisiert","tag-optometrie"],"_links":{"self":[{"href":"https:\/\/www.optometry-friends.com\/de\/wp-json\/wp\/v2\/posts\/2371","targetHints":{"allow":["GET"]}}],"collection":[{"href":"https:\/\/www.optometry-friends.com\/de\/wp-json\/wp\/v2\/posts"}],"about":[{"href":"https:\/\/www.optometry-friends.com\/de\/wp-json\/wp\/v2\/types\/post"}],"author":[{"embeddable":true,"href":"https:\/\/www.optometry-friends.com\/de\/wp-json\/wp\/v2\/users\/85"}],"replies":[{"embeddable":true,"href":"https:\/\/www.optometry-friends.com\/de\/wp-json\/wp\/v2\/comments?post=2371"}],"version-history":[{"count":3,"href":"https:\/\/www.optometry-friends.com\/de\/wp-json\/wp\/v2\/posts\/2371\/revisions"}],"predecessor-version":[{"id":2522,"href":"https:\/\/www.optometry-friends.com\/de\/wp-json\/wp\/v2\/posts\/2371\/revisions\/2522"}],"wp:featuredmedia":[{"embeddable":true,"href":"https:\/\/www.optometry-friends.com\/de\/wp-json\/wp\/v2\/media\/2373"}],"wp:attachment":[{"href":"https:\/\/www.optometry-friends.com\/de\/wp-json\/wp\/v2\/media?parent=2371"}],"wp:term":[{"taxonomy":"category","embeddable":true,"href":"https:\/\/www.optometry-friends.com\/de\/wp-json\/wp\/v2\/categories?post=2371"},{"taxonomy":"post_tag","embeddable":true,"href":"https:\/\/www.optometry-friends.com\/de\/wp-json\/wp\/v2\/tags?post=2371"}],"curies":[{"name":"wp","href":"https:\/\/api.w.org\/{rel}","templated":true}]}}