{"id":2152,"date":"2022-05-23T13:53:15","date_gmt":"2022-05-23T11:53:15","guid":{"rendered":"https:\/\/www.optometry-friends.com\/?p=2152"},"modified":"2022-06-01T16:52:50","modified_gmt":"2022-06-01T14:52:50","slug":"aalen-masters-students-visiting-the-college-of-optometry-at-pacific-university-in-the-usa","status":"publish","type":"post","link":"https:\/\/www.optometry-friends.com\/de\/2022\/05\/23\/aalen-masters-students-visiting-the-college-of-optometry-at-pacific-university-in-the-usa\/","title":{"rendered":"Aalener Masterstudentinnen zu Gast am College of Optometry an der Pacific University in den USA"},"content":{"rendered":"\n<p>Diesen Mai ist es endlich wieder so weit! Die opti findet 2022 wieder vom 13.05. bis zum 15.05. statt und tausende Personen mit einem Bezug zur Augenoptik und Optometrie werden wieder in M\u00fcnchen pers\u00f6nlich aufeinandertreffen, um sich \u00fcber die Neuigkeiten der Branche auszutauschen. Selbstverst\u00e4ndlich ist auch die Die f\u00fcnf Aalener Masterstudentinnen sind \u00fcbergl\u00fccklich: Sie sind die ersten, denen es nach der Corona Zwangspause bzgl. Reisen, wieder m\u00f6glich war, das \u201eMutterland der Optometrie\u201c, die USA, zu besuchen. Sie absolvierten in der vergangenen Woche das Modul \u201eSports Vision\u201c mit den weltweit h\u00f6chst renommieren Experten auf diesem Gebiet, Prof. Graham Erickson und Prof. Fraser Horn vom College of Optometry der Pacific University in Forest Grove, Oregon. Die kleine Gruppe bestehend aus den beiden Schweizerinnen, Angelina Di Benedetto und Barbara Waltisberg, und den zwei Studentinnen aus Deutschland, Stefanie M\u00fcller und Michaela Sperlich, gemeinsam mit der Studentin aus Nepal, Silu Bhitrikoti, genoss die intensive Betreuung der gro\u00dfen \u201eMeister\u201c auf diesem Gebiet aus den USA sehr. Insbesondere f\u00fcr Silu Bhitrikoti ist mit dieser USA-Reise bereits ein weiterer gro\u00dfer Lebenstraum in Erf\u00fcllung gegangen. \u201eSilu Bhitrikoti hat im Vorfeld alles gegeben, um an das erforderliche Visum zu kommen und hat es geschafft. Dieses Talent bewundere ich sehr,\u201c so die Studiendekanin Prof. Dr. Anna Nagl. Dank ihrer Mentoren, Gabi Wutschke und Volker Meyer aus Bruchk\u00f6bel, stemmte sie auch die finanziellen Herausforderungen dieses Studienaufenthaltes in den USA. Wer die beiden bei ihren faszinierenden Aktivit\u00e4ten f\u00fcr Nepal unterst\u00fctzen m\u00f6chte, findet&nbsp;<a href=\"https:\/\/www.meyeroptik.de\/gutes-sehen-fuer-eine-bessere-zukunft\/wie-es-zu-allem-kam\/\" target=\"_blank\" rel=\"noreferrer noopener\">hier weitere Informationen<\/a>.<\/p>\n\n\n\n<hr class=\"wp-block-separator\"\/>\n\n\n\n<p>Wollen Sie Optometrie auf dem im deutschsprachigen Raum h\u00f6chst m\u00f6glichen Niveau praktizieren? Dann<a href=\"https:\/\/www.hs-aalen.de\/de\/courses\/50\/apply\">&nbsp;bewerben Sie sich<\/a>&nbsp;jetzt f\u00fcr das n\u00e4chstm\u00f6gliche Semester mit Beginn am 01. Juli 2022!<\/p>\n","protected":false},"excerpt":{"rendered":"<p>Diesen Mai ist es endlich wieder so weit! Die opti findet 2022 wieder vom 13.05. bis zum 15.05. statt und tausende Personen mit einem Bezug zur Augenoptik und Optometrie werden wieder in M\u00fcnchen pers\u00f6nlich aufeinandertreffen, um sich \u00fcber die Neuigkeiten der Branche auszutauschen. Selbstverst\u00e4ndlich ist auch die Die f\u00fcnf Aalener Masterstudentinnen sind \u00fcbergl\u00fccklich: Sie sind die ersten, denen es nach &#8230; <\/p>\n<div><a href=\"https:\/\/www.optometry-friends.com\/de\/2022\/05\/23\/aalen-masters-students-visiting-the-college-of-optometry-at-pacific-university-in-the-usa\/\" class=\"more-link\">Read More<\/a><\/div>\n","protected":false},"author":85,"featured_media":2173,"comment_status":"closed","ping_status":"open","sticky":false,"template":"","format":"standard","meta":{"_bbp_topic_count":0,"_bbp_reply_count":0,"_bbp_total_topic_count":0,"_bbp_total_reply_count":0,"_bbp_voice_count":0,"_bbp_anonymous_reply_count":0,"_bbp_topic_count_hidden":0,"_bbp_reply_count_hidden":0,"_bbp_forum_subforum_count":0,"footnotes":""},"categories":[5],"tags":[11],"class_list":["post-2152","post","type-post","status-publish","format-standard","has-post-thumbnail","hentry","category-unkategorisiert","tag-optometrie"],"_links":{"self":[{"href":"https:\/\/www.optometry-friends.com\/de\/wp-json\/wp\/v2\/posts\/2152","targetHints":{"allow":["GET"]}}],"collection":[{"href":"https:\/\/www.optometry-friends.com\/de\/wp-json\/wp\/v2\/posts"}],"about":[{"href":"https:\/\/www.optometry-friends.com\/de\/wp-json\/wp\/v2\/types\/post"}],"author":[{"embeddable":true,"href":"https:\/\/www.optometry-friends.com\/de\/wp-json\/wp\/v2\/users\/85"}],"replies":[{"embeddable":true,"href":"https:\/\/www.optometry-friends.com\/de\/wp-json\/wp\/v2\/comments?post=2152"}],"version-history":[{"count":2,"href":"https:\/\/www.optometry-friends.com\/de\/wp-json\/wp\/v2\/posts\/2152\/revisions"}],"predecessor-version":[{"id":2187,"href":"https:\/\/www.optometry-friends.com\/de\/wp-json\/wp\/v2\/posts\/2152\/revisions\/2187"}],"wp:featuredmedia":[{"embeddable":true,"href":"https:\/\/www.optometry-friends.com\/de\/wp-json\/wp\/v2\/media\/2173"}],"wp:attachment":[{"href":"https:\/\/www.optometry-friends.com\/de\/wp-json\/wp\/v2\/media?parent=2152"}],"wp:term":[{"taxonomy":"category","embeddable":true,"href":"https:\/\/www.optometry-friends.com\/de\/wp-json\/wp\/v2\/categories?post=2152"},{"taxonomy":"post_tag","embeddable":true,"href":"https:\/\/www.optometry-friends.com\/de\/wp-json\/wp\/v2\/tags?post=2152"}],"curies":[{"name":"wp","href":"https:\/\/api.w.org\/{rel}","templated":true}]}}