{"id":2055,"date":"2022-02-03T11:27:20","date_gmt":"2022-02-03T10:27:20","guid":{"rendered":"https:\/\/www.optometry-friends.com\/?p=2055"},"modified":"2022-02-04T20:14:42","modified_gmt":"2022-02-04T19:14:42","slug":"vdco-symposium-2","status":"publish","type":"post","link":"https:\/\/www.optometry-friends.com\/de\/2022\/02\/03\/vdco-symposium-2\/","title":{"rendered":"VDCO Symposium"},"content":{"rendered":"\n<h2 class=\"wp-block-heading\">Kolloquium mit der Hochschule Aalen<\/h2>\n\n\n\n<p>Die VDCO erm\u00f6glicht auch in diesem Jahr wieder 1-3 Studierenden jeder Hochschule, die Ergebnisse seiner\/ihrer Abschlussarbeit bei einem VDCO Symposium vorzustellen. Ziel ist es, spannende wissenschaftliche Erkenntnisse zu teilen und noch offene Fragen, die aus einer Abschlussarbeit resultieren, den Zuh\u00f6rern zur Diskussion zu stellen. Interessant sind die Vortr\u00e4ge f\u00fcr Augenoptiker\/innen und Optometristen sowie Studierende vom Fach. Es sollen alle Interessierte einen Einblick in die wissenschaftliche und engagierte Arbeit unserer Hochschulen erhalten. Studierende k\u00f6nnen dar\u00fcber hinaus neue Ideen f\u00fcr eigene Forschungsarbeiten finden und \u00fcber den \u201eTellerrand\u201c der eigenen Lehrinstitution hinausblicken. Die Teilnahme ist f\u00fcr alle Mitglieder, Mitarbeitenden unserer Mitglieder, Studierende und Freunde der VDCO kostenfrei.<\/p>\n\n\n\n<p>Am <strong>Montag, 11. April 2022 ab 19.30 Uhr<\/strong> stellen die Absolventen Katharina Breher und Maximilian Aricochi der&nbsp;<a href=\"http:\/\/www.hs-aalen.de\/vsb\" data-type=\"URL\" data-id=\"www.hs-aalen.de\/vsb\" target=\"_blank\" rel=\"noreferrer noopener\">Hochschule Aalen<\/a> ihre Arbeiten vor. Die Moderation wird geleitet von der Aalener Absolventin Yvonne Gier und Frau Prof. Dr. Anna Nagl.<\/p>\n\n\n\n<hr class=\"wp-block-separator\"\/>\n\n\n\n<p>Maximilian Aricochi<\/p>\n\n\n\n<p><strong>Handbuch f\u00fcr Myopiekontrolle<\/strong><\/p>\n\n\n\n<p><strong>Ziel:<\/strong>&nbsp;Die Erstellung eines Handbuches f\u00fcr Myopie-Management in deutscher Sprache. Durch dieses Handbuch soll Augenspezialisten im deutschsprachigem Raum das n\u00f6tige Fachwissen vermittelt werden, um myopen Kindern in Zukunft wissenschaftlich fundierte L\u00f6sungen anbieten zu k\u00f6nnen.<\/p>\n\n\n\n<p><strong>Methodik:<\/strong>&nbsp;Um alle relevanten Bereiche dieses gro\u00dfen und sehr aktuellen Themas abzudecken, wird bei dieser Master-Thesis ein breit gef\u00e4cherter Literatur\u00fcberblick erstellt. Dabei werden Ergebnisse von internationalen und nationalen wissenschaftlichen Studien so aufbereitet, dass Augenspezialisten die M\u00f6glichkeit geboten wird, dieses komplexe Wissen einfach in die Praxis umzusetzen.<\/p>\n\n\n\n<p><strong>Ergebnisse:<\/strong>&nbsp;Diese Literaturarbeit zeigt die gesamten Facetten des Myopie-Managements auf. Sie zeigt, dass durch die fundierte Wissensvermittlung eine solide Basis f\u00fcr erfolgreiches Myopie-Management geschaffen werden kann. Die Analyse der im Rahmen dieser Arbeit durchgef\u00fchrten Literaturrecherche und die Auswertung der Studien zeigt, dass neue Versorgungsans\u00e4tze wie zum Beispiel Myopie-Brillengl\u00e4ser oder Myopie-Kontaktlinsen, den klassischen Ansatz der Einst\u00e4rkenkorrektur bei myopen Kindern, in der Praxis ersetzen sollten.<\/p>\n\n\n\n<p><strong>Zusammenfassung:<\/strong>&nbsp;Dieses Handbuch dient der Vermittlung von wissenschaftlich fundiertem Wissen, welche f\u00fcr die Versorgung myoper Kinder ben\u00f6tigt wird. Dieses Handbuch deckt sowohl Grundlagenwissen, als auch Wissen \u00fcber die Messbarkeit und die Versorgung myoper Kinder ab. Mit diesem Buch soll Augenspezialisten die M\u00f6glichkeit geboten werden, Kinder in Zukunft ad\u00e4quat zu versorgen.<\/p>\n\n\n\n<hr class=\"wp-block-separator\"\/>\n\n\n\n<p>Katharina Breher<\/p>\n\n\n\n<p><strong>Das Potenzial der optischen Koh\u00e4renztomographie (OCT) in der Myopieforschung am Menschen<\/strong><\/p>\n\n\n\n<p>Kurzsichtigkeit (Myopie) entsteht in den meisten F\u00e4llen durch ein \u00fcbersteuertes Augenwachstum. Dies f\u00fchrt dazu, dass das Bild vor der Netzhaut fokussiert wird und ohne entsprechende optische Korrektionsmittel zu unscharfem Sehen in der Ferne f\u00fchrt. Weiterhin steigt durch das ungew\u00f6hnliche L\u00e4ngenwachstum des Auges die Gefahr f\u00fcr Augenerkrankungen, die irreversibel zur Erblindung f\u00fchren k\u00f6nnen.<\/p>\n\n\n\n<p>Die Aderhaut und Netzhaut sind dabei mit dem Augenwachstum in Verbindung stehende Strukturen. Zum einen dient die Aderhautdicke als schneller Indikator f\u00fcr das l\u00e4ngerfristige Wachstum des Auges, wobei eine Verd\u00fcnnung der Aderhaut auf ein schnelleres Wachstum hindeutet und umgekehrt. Zum anderen ver\u00e4ndert sich die Netzhautform durch das Wachstum, wobei hier verschiedene Modelle der Form\u00e4nderung vorhanden sind. Bisherige klare Erkenntnisse wurden hierbei gr\u00f6\u00dftenteils von invasiven Tiermodellen gewonnen.<\/p>\n\n\n\n<p>Die optische Koh\u00e4renztomographie (OCT) kann nun als hochaufl\u00f6sendes, non-invasives Bildgebungsverfahren f\u00fcr die Querschnittsdarstellung der o.g. Strukturen beim Menschen verwendet werden.<\/p>\n\n\n\n<p>Im Rahmen der Promotion wurde deshalb das Potenzial des Instruments \u201eOCT\u201c in der Myopieforschung am Menschen untersucht. Dabei wurden zun\u00e4chst messtechnische Aspekte zur Aderhautquantifizierung mittels verschiedener OCT-Technologien evaluiert. Weiterhin wurde die OCT-basierte Messung der Netzhautform als Wachstumsindikator hinsichtlich verschiedener Augenmodelle bewertet und mit herk\u00f6mmlichen Messverfahren verglichen.<\/p>\n\n\n\n<hr class=\"wp-block-separator\"\/>\n\n\n\n<p><strong>Aus organisatorischen Gr\u00fcnde bitten wir um Anmeldung bis zum 11.04.2022 \u2013 12 Uhr.<\/strong><\/p>\n\n\n\n<p>Ihre pers\u00f6nlichen Zugangsdaten werden Ihnen am Tag des Fortbildungsabend zwischen 12:00 Uhr bis 13:30 Uhr per E-Mail (direkt per Zoom) zugesendet. Bitte \u00fcberpr\u00fcfen Sie auch Ihren Spam. Falls Sie bis 13:30 Uhr keine Mail erhalten haben, bitten wir Sie, sich schnellstm\u00f6glich bei uns zu melden!<\/p>\n\n\n\n<p>Hier geht es zur Anmeldung: <\/p>\n\n\n\n<p><a href=\"https:\/\/eveeno.com\/VDCO_Symposium_110422\" data-type=\"URL\" data-id=\"https:\/\/eveeno.com\/VDCO_Symposium_110422\">https:\/\/eveeno.com\/VDCO_Symposium_110422<\/a><\/p>\n\n\n\n<p><\/p>\n\n\n\n<hr class=\"wp-block-separator\"\/>\n\n\n\n<p><\/p>\n\n\n\n<p>Wollen Sie auch Myopie und Optometrie auf dem im deutschsprachigen Raum h\u00f6chst m\u00f6glichen Niveau praktizieren? Dann<a href=\"https:\/\/www.hs-aalen.de\/de\/courses\/50\/apply\" data-type=\"URL\" data-id=\"https:\/\/www.hs-aalen.de\/de\/courses\/50\/apply\"> bewerben Sie sich<\/a> jetzt f\u00fcr das n\u00e4chstm\u00f6gliche Semester mit Beginn am 01. Juli 2022!<\/p>\n\n\n\n<p><\/p>\n\n\n\n<p><\/p>\n","protected":false},"excerpt":{"rendered":"<p>Kolloquium mit der Hochschule Aalen Die VDCO erm\u00f6glicht auch in diesem Jahr wieder 1-3 Studierenden jeder Hochschule, die Ergebnisse seiner\/ihrer Abschlussarbeit bei einem VDCO Symposium vorzustellen. Ziel ist es, spannende wissenschaftliche Erkenntnisse zu teilen und noch offene Fragen, die aus einer Abschlussarbeit resultieren, den Zuh\u00f6rern zur Diskussion zu stellen. Interessant sind die Vortr\u00e4ge f\u00fcr Augenoptiker\/innen und Optometristen sowie Studierende vom &#8230; <\/p>\n<div><a href=\"https:\/\/www.optometry-friends.com\/de\/2022\/02\/03\/vdco-symposium-2\/\" class=\"more-link\">Read More<\/a><\/div>\n","protected":false},"author":80,"featured_media":2058,"comment_status":"closed","ping_status":"open","sticky":false,"template":"","format":"standard","meta":{"_bbp_topic_count":0,"_bbp_reply_count":0,"_bbp_total_topic_count":0,"_bbp_total_reply_count":0,"_bbp_voice_count":0,"_bbp_anonymous_reply_count":0,"_bbp_topic_count_hidden":0,"_bbp_reply_count_hidden":0,"_bbp_forum_subforum_count":0,"footnotes":""},"categories":[1],"tags":[11],"class_list":["post-2055","post","type-post","status-publish","format-standard","has-post-thumbnail","hentry","category-news","tag-optometrie"],"_links":{"self":[{"href":"https:\/\/www.optometry-friends.com\/de\/wp-json\/wp\/v2\/posts\/2055","targetHints":{"allow":["GET"]}}],"collection":[{"href":"https:\/\/www.optometry-friends.com\/de\/wp-json\/wp\/v2\/posts"}],"about":[{"href":"https:\/\/www.optometry-friends.com\/de\/wp-json\/wp\/v2\/types\/post"}],"author":[{"embeddable":true,"href":"https:\/\/www.optometry-friends.com\/de\/wp-json\/wp\/v2\/users\/80"}],"replies":[{"embeddable":true,"href":"https:\/\/www.optometry-friends.com\/de\/wp-json\/wp\/v2\/comments?post=2055"}],"version-history":[{"count":10,"href":"https:\/\/www.optometry-friends.com\/de\/wp-json\/wp\/v2\/posts\/2055\/revisions"}],"predecessor-version":[{"id":2091,"href":"https:\/\/www.optometry-friends.com\/de\/wp-json\/wp\/v2\/posts\/2055\/revisions\/2091"}],"wp:featuredmedia":[{"embeddable":true,"href":"https:\/\/www.optometry-friends.com\/de\/wp-json\/wp\/v2\/media\/2058"}],"wp:attachment":[{"href":"https:\/\/www.optometry-friends.com\/de\/wp-json\/wp\/v2\/media?parent=2055"}],"wp:term":[{"taxonomy":"category","embeddable":true,"href":"https:\/\/www.optometry-friends.com\/de\/wp-json\/wp\/v2\/categories?post=2055"},{"taxonomy":"post_tag","embeddable":true,"href":"https:\/\/www.optometry-friends.com\/de\/wp-json\/wp\/v2\/tags?post=2055"}],"curies":[{"name":"wp","href":"https:\/\/api.w.org\/{rel}","templated":true}]}}